{"id":2518,"date":"2026-08-27T19:05:27","date_gmt":"2026-08-27T19:05:27","guid":{"rendered":"https:\/\/nambrocorto.com\/?p=2518"},"modified":"2026-08-27T19:05:54","modified_gmt":"2026-08-27T19:05:54","slug":"cuenta-atras-para-nambrocorto-xi-ultimos-dias-para-inscribir-tu-cortometraje","status":"publish","type":"post","link":"https:\/\/nambrocorto.com\/index.php\/2026\/08\/27\/cuenta-atras-para-nambrocorto-xi-ultimos-dias-para-inscribir-tu-cortometraje\/","title":{"rendered":"\u00a1Cuenta atr\u00e1s para Nambrocorto XI! \u00daltimos d\u00edas para inscribir tu cortometraje"},"content":{"rendered":"<div class='booster-block booster-read-block'><\/div>\n<p class=\"wp-block-paragraph\">La convocatoria para la <strong>XI edici\u00f3n del Festival de Cortometrajes Nambrocorto<\/strong> entra en su recta final. El plazo oficial para la recepci\u00f3n de obras finaliza este <strong>31 de agosto a las 23:59 horas<\/strong>.<\/p>\n\n\n\n<p class=\"wp-block-paragraph\">Si tienes una historia rodada con posterioridad al 1 de enero de 2024, de hasta 20 minutos de duraci\u00f3n y quieres que forme parte de nuestra Secci\u00f3n Oficial en noviembre, a\u00fan est\u00e1s a tiempo de enviarla.<\/p>\n\n\n\n<figure class=\"wp-block-image size-large\"><img loading=\"lazy\" decoding=\"async\" width=\"1024\" height=\"378\" src=\"https:\/\/nambrocorto.com\/wp-content\/uploads\/2026\/06\/3NAMBROCORTO-CONVOCATORIA-26-1024x378.png\" alt=\"\" class=\"wp-image-2512\" srcset=\"https:\/\/nambrocorto.com\/wp-content\/uploads\/2026\/06\/3NAMBROCORTO-CONVOCATORIA-26-1024x378.png 1024w, https:\/\/nambrocorto.com\/wp-content\/uploads\/2026\/06\/3NAMBROCORTO-CONVOCATORIA-26-300x111.png 300w, https:\/\/nambrocorto.com\/wp-content\/uploads\/2026\/06\/3NAMBROCORTO-CONVOCATORIA-26-768x284.png 768w, https:\/\/nambrocorto.com\/wp-content\/uploads\/2026\/06\/3NAMBROCORTO-CONVOCATORIA-26-1536x567.png 1536w, https:\/\/nambrocorto.com\/wp-content\/uploads\/2026\/06\/3NAMBROCORTO-CONVOCATORIA-26-2048x756.png 2048w\" sizes=\"auto, (max-width: 1024px) 100vw, 1024px\" \/><\/figure>\n\n\n\n<p class=\"wp-block-paragraph\"><strong>Resumen de modalidades de participaci\u00f3n:<\/strong><\/p>\n\n\n\n<ul class=\"wp-block-list\">\n<li><strong>Convocatoria General:<\/strong> Abierta a todas las productoras y directores nacionales e internacionales en cualquier g\u00e9nero (ficci\u00f3n, documental, animaci\u00f3n).<\/li>\n\n\n\n<li><strong>Cortometrajes de Estudiantes:<\/strong> Inscripci\u00f3n <strong>100% gratuita<\/strong> para obras desarrolladas en el \u00e1mbito acad\u00e9mico, escuelas de cine y universidades.<\/li>\n\n\n\n<li><strong>Talento Castellano-Manchego y Toledano:<\/strong> <strong>Descuento especial<\/strong> en la cuota de inscripci\u00f3n para obras rodadas en la regi\u00f3n o dirigidas\/producidas por creadores de Castilla-La Mancha.<br><br>Consulta las bases en <strong><a href=\"https:\/\/nambrocorto.com\/index.php\/bases\/\">BASES 2026<\/a><\/strong><\/li>\n<\/ul>\n\n\n\n<p class=\"wp-block-paragraph\"><strong>Plataformas oficiales de inscripci\u00f3n:<\/strong> Env\u00eda tu trabajo a trav\u00e9s de cualquiera de nuestras plataformas habilitadas:<\/p>\n\n\n<p><a href=\"https:\/\/festhome.com\/f\/6856\"><img decoding=\"async\" class=\"aligncenter\" src=\"https:\/\/festhomedocs.com\/img\/logos\/buttons\/festhome_orange.png\" alt=\"Inscriba su pel\u00edcula\" \/><\/a><\/p>\n<p style=\"text-align: center;\"><a href=\"https:\/\/www.movibeta.com\/festivals\/1604\"><br \/><img decoding=\"async\" src=\"https:\/\/www.movibeta.com\/images\/logo-black.svg\" \/><br \/><\/a><\/p>\n<p><a title=\"Click for Festivals - Connecting Films and Festivals\" href=\"https:\/\/www.clickforfestivals.com\/festival-de-cortometrajes-nambroca-nambrocorto\" target=\"_blank\" rel=\"noopener\"><img decoding=\"async\" class=\"aligncenter\" title=\"Click for Festivals - Connecting Films and Festivals\" src=\"https:\/\/www.clickforfestivals.com\/images\/banners\/banner_cff_200x75.gif\" alt=\"Click for Festivals - Connecting Films and Festivals\" border=\"0\" \/><\/a><\/p>\n\n\n<p class=\"wp-block-paragraph\">No lo dejes para el \u00faltimo minuto. Consulta las bases completas en <strong><a target=\"_blank\" rel=\"noopener\" href=\"https:\/\/www.google.com\/search?q=https%3A%2F%2Fwww.nambrocorto.com\">www.nambrocorto.com<\/a><\/strong> y lleva tu historia a la gran pantalla de Nambroca.<\/p>\n\n\n\n<p class=\"wp-block-paragraph\"><\/p>\n\n\n\n<p class=\"wp-block-paragraph\"><\/p>\n","protected":false},"excerpt":{"rendered":"<p>La convocatoria para la XI edici\u00f3n del Festival de Cortometrajes Nambrocorto entra en su recta final. El plazo oficial para la recepci\u00f3n de obras finaliza este 31 de agosto a las 23:59 horas. Si tienes una historia rodada con posterioridad al 1 de enero de 2024, de hasta 20 minutos de duraci\u00f3n y quieres que [&hellip;]<\/p>\n","protected":false},"author":1,"featured_media":2519,"comment_status":"closed","ping_status":"closed","sticky":false,"template":"","format":"standard","meta":{"footnotes":""},"categories":[21,6,25,5],"tags":[],"class_list":["post-2518","post","type-post","status-publish","format-standard","has-post-thumbnail","hentry","category-certamen","category-comunicados","category-nambrocorto-2026","category-noticias"],"_links":{"self":[{"href":"https:\/\/nambrocorto.com\/index.php\/wp-json\/wp\/v2\/posts\/2518","targetHints":{"allow":["GET"]}}],"collection":[{"href":"https:\/\/nambrocorto.com\/index.php\/wp-json\/wp\/v2\/posts"}],"about":[{"href":"https:\/\/nambrocorto.com\/index.php\/wp-json\/wp\/v2\/types\/post"}],"author":[{"embeddable":true,"href":"https:\/\/nambrocorto.com\/index.php\/wp-json\/wp\/v2\/users\/1"}],"replies":[{"embeddable":true,"href":"https:\/\/nambrocorto.com\/index.php\/wp-json\/wp\/v2\/comments?post=2518"}],"version-history":[{"count":2,"href":"https:\/\/nambrocorto.com\/index.php\/wp-json\/wp\/v2\/posts\/2518\/revisions"}],"predecessor-version":[{"id":2522,"href":"https:\/\/nambrocorto.com\/index.php\/wp-json\/wp\/v2\/posts\/2518\/revisions\/2522"}],"wp:featuredmedia":[{"embeddable":true,"href":"https:\/\/nambrocorto.com\/index.php\/wp-json\/wp\/v2\/media\/2519"}],"wp:attachment":[{"href":"https:\/\/nambrocorto.com\/index.php\/wp-json\/wp\/v2\/media?parent=2518"}],"wp:term":[{"taxonomy":"category","embeddable":true,"href":"https:\/\/nambrocorto.com\/index.php\/wp-json\/wp\/v2\/categories?post=2518"},{"taxonomy":"post_tag","embeddable":true,"href":"https:\/\/nambrocorto.com\/index.php\/wp-json\/wp\/v2\/tags?post=2518"}],"curies":[{"name":"wp","href":"https:\/\/api.w.org\/{rel}","templated":true}]}}