{"id":1912,"date":"2025-10-31T17:24:50","date_gmt":"2025-10-31T17:24:50","guid":{"rendered":"https:\/\/nambrocorto.com\/?p=1912"},"modified":"2025-10-31T17:24:50","modified_gmt":"2025-10-31T17:24:50","slug":"agradecimiento-al-jurado-de-seleccion-del-x-festival-nambrocorto-2025","status":"publish","type":"post","link":"https:\/\/nambrocorto.com\/index.php\/2025\/10\/31\/agradecimiento-al-jurado-de-seleccion-del-x-festival-nambrocorto-2025\/","title":{"rendered":"Agradecimiento al Jurado de Selecci\u00f3n del X Festival Nambrocorto 2025"},"content":{"rendered":"<div class='booster-block booster-read-block'><\/div>\n<p class=\"wp-block-paragraph\">El Festival Nambrocorto quiere reconocer p\u00fablicamente el trabajo del <strong>jurado de selecci\u00f3n<\/strong> que este a\u00f1o ha visionado y valorado las m\u00e1s de <strong>400 obras inscritas<\/strong> para nuestra d\u00e9cima edici\u00f3n. Gracias a su labor paciente y rigurosa hemos podido llegar, en tiempo y forma, a la <strong>Selecci\u00f3n Oficial de 40 cortometrajes<\/strong> que muy pronto el Jurado Oficial valorar\u00e1 para escoger a los finalistas.<\/p>\n\n\n\n<p class=\"wp-block-paragraph\">Sabemos que no es un trabajo sencillo: implica ver muchos cortos en poco tiempo, aplicar criterios de calidad y, sobre todo, tomar decisiones dif\u00edciles dejando fuera obras con un nivel excelente. Pero el festival solo puede proyectar 40, y queremos que sean los <strong>mejor puntuados y m\u00e1s representativos<\/strong> de lo que Nambrocorto quiere mostrar en 2025.<\/p>\n\n\n\n<figure class=\"wp-block-image size-large\"><img loading=\"lazy\" decoding=\"async\" width=\"819\" height=\"1024\" src=\"https:\/\/nambrocorto.com\/wp-content\/uploads\/2025\/10\/Mesa-de-trabajo-1-Laureles-2025-819x1024.png\" alt=\"\" class=\"wp-image-1915\" srcset=\"https:\/\/nambrocorto.com\/wp-content\/uploads\/2025\/10\/Mesa-de-trabajo-1-Laureles-2025-819x1024.png 819w, https:\/\/nambrocorto.com\/wp-content\/uploads\/2025\/10\/Mesa-de-trabajo-1-Laureles-2025-240x300.png 240w, https:\/\/nambrocorto.com\/wp-content\/uploads\/2025\/10\/Mesa-de-trabajo-1-Laureles-2025-768x960.png 768w, https:\/\/nambrocorto.com\/wp-content\/uploads\/2025\/10\/Mesa-de-trabajo-1-Laureles-2025.png 1081w\" sizes=\"auto, (max-width: 819px) 100vw, 819px\" \/><\/figure>\n\n\n\n<p class=\"wp-block-paragraph\">Por eso, desde la organizaci\u00f3n del festival queremos dar las <strong>gracias<\/strong> a todas las personas que han formado parte de este jurado, compuesto por m\u00e1s de 30 amantes del cine corto: cineastas, t\u00e9cnicos, fot\u00f3grafos, creativos y colaboradores habituales del festival, que a\u00f1o tras a\u00f1o aportan su mirada y su tiempo de manera desinteresada para que Nambroca tenga un festival a la altura.<\/p>\n\n\n\n<p class=\"wp-block-paragraph\"><strong>Jurado de selecci\u00f3n 2025<\/strong><br>Sheila Rincon (@asincopada)<br>Ana S\u00e1nchez Pel\u00e1ez<br>Lucas Nitsche (@Lucasnitschea)<br>Lucia Navarro Menor (@Palido.std)<br>Laura Serrano Calatayud (@l.auruu31 \/ @laurasc_3101)<br>Clara Garc\u00eda-Pando Sarri\u00f3n (@claire.gsa)<br>Clara Huelbes Palencia (@zocata_fotografia)<br>Diego S\u00e1nchez-Valdepe\u00f1as Gigante (@diegosanchezvg)<br>Javier Recio Rodr\u00edguez (@reciojavier_)<br>Miguel \u00c1ngel Carrobles (@macandmotion_)<br>Lucia Mujica (@luciamujica)<br>V\u00edctor Duque Mart\u00edn (@victorduquee)<br>Celia Ortiz Olivares (@celiaortizolivares)<br>Borja Elez Almendro (@borjaelez)<br>Elena Isabel S\u00e1nchez Pel\u00e1ez<br>Taiwaly Flores Morales (@taiwaly_)<br>Eduardo P\u00e9rez Carpena (@efaproductions)<br>Manuela Jos\u00e9 Delgado Moyano (@manuelajosedelgadomoyano)<br>Jos\u00e9 Manuel Navarro (@jtormento.art)<br>Consuelo Montserrat D\u00edaz-Meco (@mondiaz27)<br>Pedro Luis G\u00f3mez S\u00e1nchez (@pedroskatemask)<br>Pablo Par\u00eds Fern\u00e1ndez (@pablo_parisfernandez)<br>Domingo Pis\u00f3n (@domingopison)<br>Leticia Preciado (@letrus_p)<br>Gonzalo Palacios Alcaraz (@gpa_producciones)<br>Hugo Garc\u00eda Rodr\u00edguez (@hugoo_gr29)<br>Sara Capel (@sara_capel)<br>Andreina Algarin<br>Andrea Ognean Busila (@anotherlostmemory)<br>Raquel Mart\u00edn Bonilla (@raquelbonilla01)<br>In\u00e9s Mantero (@ines.mantero)<br>Natalia Caba Guijarro (@nattyom_)<br>Olga de Lorian (@olga_delorianactriz)<br>Ram\u00f3n Villa Gonz\u00e1lez<br>David Mart\u00edn de Bernardo Romero (@<em>thev13<\/em>)<br>M\u00e1ximo La Pe\u00f1a Bolinaga<br>Lorenzo Romero Pleite (@loren.raw)<br>Javier Fuentes (@cincosietepro)<\/p>\n\n\n\n<p class=\"wp-block-paragraph\">A todos vosotros: <strong>gracias por sostener la base del festival<\/strong>.<br>En los pr\u00f3ximos d\u00edas publicaremos la <strong>programaci\u00f3n de actividades<\/strong> y las fechas de proyecci\u00f3n de los 40 seleccionados.<\/p>\n\n\n\n<figure class=\"wp-block-image size-large\"><img decoding=\"async\" src=\"https:\/\/nambrocorto.com\/wp-content\/uploads\/2025\/10\/Mesa-de-trabajo-1-copia-2-Laureles-2025-819x1024.png\" alt=\"\" class=\"wp-image-1913\"\/><\/figure>\n","protected":false},"excerpt":{"rendered":"<p>El Festival Nambrocorto quiere reconocer p\u00fablicamente el trabajo del jurado de selecci\u00f3n que este a\u00f1o ha visionado y valorado las m\u00e1s de 400 obras inscritas para nuestra d\u00e9cima edici\u00f3n. Gracias a su labor paciente y rigurosa hemos podido llegar, en tiempo y forma, a la Selecci\u00f3n Oficial de 40 cortometrajes que muy pronto el Jurado [&hellip;]<\/p>\n","protected":false},"author":1,"featured_media":1914,"comment_status":"closed","ping_status":"closed","sticky":false,"template":"","format":"standard","meta":{"footnotes":""},"categories":[1],"tags":[],"class_list":["post-1912","post","type-post","status-publish","format-standard","has-post-thumbnail","hentry","category-1"],"_links":{"self":[{"href":"https:\/\/nambrocorto.com\/index.php\/wp-json\/wp\/v2\/posts\/1912","targetHints":{"allow":["GET"]}}],"collection":[{"href":"https:\/\/nambrocorto.com\/index.php\/wp-json\/wp\/v2\/posts"}],"about":[{"href":"https:\/\/nambrocorto.com\/index.php\/wp-json\/wp\/v2\/types\/post"}],"author":[{"embeddable":true,"href":"https:\/\/nambrocorto.com\/index.php\/wp-json\/wp\/v2\/users\/1"}],"replies":[{"embeddable":true,"href":"https:\/\/nambrocorto.com\/index.php\/wp-json\/wp\/v2\/comments?post=1912"}],"version-history":[{"count":1,"href":"https:\/\/nambrocorto.com\/index.php\/wp-json\/wp\/v2\/posts\/1912\/revisions"}],"predecessor-version":[{"id":1916,"href":"https:\/\/nambrocorto.com\/index.php\/wp-json\/wp\/v2\/posts\/1912\/revisions\/1916"}],"wp:featuredmedia":[{"embeddable":true,"href":"https:\/\/nambrocorto.com\/index.php\/wp-json\/wp\/v2\/media\/1914"}],"wp:attachment":[{"href":"https:\/\/nambrocorto.com\/index.php\/wp-json\/wp\/v2\/media?parent=1912"}],"wp:term":[{"taxonomy":"category","embeddable":true,"href":"https:\/\/nambrocorto.com\/index.php\/wp-json\/wp\/v2\/categories?post=1912"},{"taxonomy":"post_tag","embeddable":true,"href":"https:\/\/nambrocorto.com\/index.php\/wp-json\/wp\/v2\/tags?post=1912"}],"curies":[{"name":"wp","href":"https:\/\/api.w.org\/{rel}","templated":true}]}}