{"id":1890,"date":"2025-10-12T10:35:02","date_gmt":"2025-10-12T10:35:02","guid":{"rendered":"https:\/\/nambrocorto.com\/?p=1890"},"modified":"2025-10-30T19:48:12","modified_gmt":"2025-10-30T19:48:12","slug":"seleccion-oficial-x-festival-nambrocorto-2025","status":"publish","type":"post","link":"https:\/\/nambrocorto.com\/index.php\/2025\/10\/12\/seleccion-oficial-x-festival-nambrocorto-2025\/","title":{"rendered":"Selecci\u00f3n Oficial X Festival Nambrocorto 2025"},"content":{"rendered":"<div class='booster-block booster-read-block'><\/div>\n<p class=\"wp-block-paragraph\">X Festival Nambrocorto 2025: anunciamos la Selecci\u00f3n Oficial<\/p>\n\n\n\n<figure class=\"wp-block-image size-large\"><img loading=\"lazy\" decoding=\"async\" width=\"1024\" height=\"917\" src=\"https:\/\/nambrocorto.com\/wp-content\/uploads\/2025\/10\/Seleccionados-4-100-1024x917.jpg\" alt=\"\" class=\"wp-image-1910\" srcset=\"https:\/\/nambrocorto.com\/wp-content\/uploads\/2025\/10\/Seleccionados-4-100-1024x917.jpg 1024w, https:\/\/nambrocorto.com\/wp-content\/uploads\/2025\/10\/Seleccionados-4-100-300x269.jpg 300w, https:\/\/nambrocorto.com\/wp-content\/uploads\/2025\/10\/Seleccionados-4-100-768x688.jpg 768w, https:\/\/nambrocorto.com\/wp-content\/uploads\/2025\/10\/Seleccionados-4-100.jpg 1369w\" sizes=\"auto, (max-width: 1024px) 100vw, 1024px\" \/><\/figure>\n\n\n\n<p class=\"wp-block-paragraph\">La d\u00e9cima edici\u00f3n del Festival de Cortometrajes de Nambroca ya tiene su <strong>Selecci\u00f3n Oficial<\/strong>. Tras un proceso de visionado y valoraci\u00f3n por parte del jurado de selecci\u00f3n, presentamos los <strong>40 cortometrajes<\/strong> que competir\u00e1n este a\u00f1o por un lugar entre los finalistas del <strong>X Festival Nambrocorto 2025<\/strong>, que se celebrar\u00e1 en noviembre en el Centro Cultural Fuentevieja (Nambroca, Toledo).<\/p>\n\n\n\n<p class=\"wp-block-paragraph\">Nambrocorto cumple diez a\u00f1os con la misma convicci\u00f3n que en su origen: el cine corto es un territorio f\u00e9rtil para la creatividad, la experimentaci\u00f3n y las historias que dejan huella. La selecci\u00f3n de 2025 refleja esa diversidad: hay ficci\u00f3n, documental y animaci\u00f3n; apuestas \u00edntimas y propuestas de g\u00e9nero; miradas locales e internacionales que dialogan con nuestro p\u00fablico y con el pulso contempor\u00e1neo del cortometraje.<\/p>\n\n\n\n<figure class=\"wp-block-image size-large\"><img loading=\"lazy\" decoding=\"async\" width=\"1024\" height=\"916\" src=\"https:\/\/nambrocorto.com\/wp-content\/uploads\/2025\/10\/Seleccionados-1-100-1024x916.jpg\" alt=\"\" class=\"wp-image-1907\" srcset=\"https:\/\/nambrocorto.com\/wp-content\/uploads\/2025\/10\/Seleccionados-1-100-1024x916.jpg 1024w, https:\/\/nambrocorto.com\/wp-content\/uploads\/2025\/10\/Seleccionados-1-100-300x268.jpg 300w, https:\/\/nambrocorto.com\/wp-content\/uploads\/2025\/10\/Seleccionados-1-100-768x687.jpg 768w, https:\/\/nambrocorto.com\/wp-content\/uploads\/2025\/10\/Seleccionados-1-100.jpg 1370w\" sizes=\"auto, (max-width: 1024px) 100vw, 1024px\" \/><\/figure>\n\n\n\n<p class=\"wp-block-paragraph\">A continuaci\u00f3n, compartimos los <strong>40 t\u00edtulos seleccionados<\/strong>, <strong>por orden alfab\u00e9tico<\/strong>:<\/p>\n\n\n\n<ul class=\"wp-block-list\">\n<li><strong>A-Maniki<\/strong><\/li>\n\n\n\n<li><strong>A VOICE IN THE MIST<\/strong><\/li>\n\n\n\n<li><strong>All you need is love<\/strong><\/li>\n\n\n\n<li><strong>Amira<\/strong><\/li>\n\n\n\n<li><strong>Behind The Wall<\/strong><\/li>\n\n\n\n<li><strong>Bellum<\/strong><\/li>\n\n\n\n<li><strong>CARMELA<\/strong><\/li>\n\n\n\n<li><strong>COLD FEET<\/strong><\/li>\n\n\n\n<li><strong>EL ESTABLO<\/strong><\/li>\n\n\n\n<li><strong>EL VESTUARIO<\/strong><\/li>\n\n\n\n<li><strong>El Fantasma de la Quinta<\/strong><\/li>\n\n\n\n<li><strong>El nudo de \u00c1ngela<\/strong><\/li>\n\n\n\n<li><strong>El principito Oscar<\/strong><\/li>\n\n\n\n<li><strong>El Revisor<\/strong><\/li>\n\n\n\n<li><strong>En la memoria nadie muere<\/strong><\/li>\n\n\n\n<li><strong>G\u00f6kotta<\/strong><\/li>\n\n\n\n<li><strong>KillJote<\/strong><\/li>\n\n\n\n<li><strong>La cura<\/strong><\/li>\n\n\n\n<li><strong>LA ENTREVISTA<\/strong><\/li>\n\n\n\n<li><strong>LA LUZ QUE NOS GUIA<\/strong><\/li>\n\n\n\n<li><strong>la paciente desconocida de freud<\/strong><\/li>\n\n\n\n<li><strong>La \u00faltima cena<\/strong><\/li>\n\n\n\n<li><strong>La \u00faltima estaci\u00f3n<\/strong><\/li>\n\n\n\n<li><strong>Lagun<\/strong><\/li>\n\n\n\n<li><strong>LIGHTS<\/strong><\/li>\n\n\n\n<li><strong>Los ojos<\/strong><\/li>\n\n\n\n<li><strong>Macarena, una comedia espiritual<\/strong><\/li>\n\n\n\n<li><strong>MARRANO<\/strong><\/li>\n\n\n\n<li><strong>NDM. Nona Decuma Morta<\/strong><\/li>\n\n\n\n<li><strong>O Corpi\u00f1o<\/strong><\/li>\n\n\n\n<li><strong>Refugios<\/strong><\/li>\n\n\n\n<li><strong>Sacra Lunaria<\/strong><\/li>\n\n\n\n<li><strong>Sarcum<\/strong><\/li>\n\n\n\n<li><strong>SEXO A LOS 70<\/strong><\/li>\n\n\n\n<li><strong>SNUFF<\/strong><\/li>\n\n\n\n<li><strong>Sonnefeld<\/strong><\/li>\n\n\n\n<li><strong>Tinieblas<\/strong><\/li>\n\n\n\n<li><strong>Tribu<\/strong><\/li>\n\n\n\n<li><strong>UNA CABEZA EN LA PARED<\/strong><\/li>\n\n\n\n<li><strong>Violetas<\/strong><\/li>\n<\/ul>\n\n\n\n<p class=\"wp-block-paragraph\">En los pr\u00f3ximos d\u00edas publicaremos la <strong>agenda de actividades<\/strong>, la <strong>programaci\u00f3n de proyecciones<\/strong> y toda la informaci\u00f3n pr\u00e1ctica para que no te pierdas nada del festival: horarios, sedes, coloquios, talleres y acciones paralelas. Como cada a\u00f1o, el festival combinar\u00e1 el pulso art\u00edstico del certamen con la vocaci\u00f3n formativa y social: proyecciones para distintos p\u00fablicos, actividades educativas con escuelas y asociaciones, la exposici\u00f3n fotogr\u00e1fica y la ruta \u201cTapas de Cine\u201d con negocios locales.<\/p>\n\n\n\n<figure class=\"wp-block-image size-large\"><img loading=\"lazy\" decoding=\"async\" width=\"1024\" height=\"768\" src=\"https:\/\/nambrocorto.com\/wp-content\/uploads\/2024\/12\/NAMBROCORTO-2024-23-1024x768.jpg\" alt=\"\" class=\"wp-image-1769\" srcset=\"https:\/\/nambrocorto.com\/wp-content\/uploads\/2024\/12\/NAMBROCORTO-2024-23-1024x768.jpg 1024w, https:\/\/nambrocorto.com\/wp-content\/uploads\/2024\/12\/NAMBROCORTO-2024-23-300x225.jpg 300w, https:\/\/nambrocorto.com\/wp-content\/uploads\/2024\/12\/NAMBROCORTO-2024-23-768x576.jpg 768w, https:\/\/nambrocorto.com\/wp-content\/uploads\/2024\/12\/NAMBROCORTO-2024-23-1536x1152.jpg 1536w, https:\/\/nambrocorto.com\/wp-content\/uploads\/2024\/12\/NAMBROCORTO-2024-23-2048x1536.jpg 2048w\" sizes=\"auto, (max-width: 1024px) 100vw, 1024px\" \/><\/figure>\n\n\n\n<p class=\"wp-block-paragraph\">El proceso contin\u00faa ahora en manos del <strong>Jurado Oficial<\/strong>, que evaluar\u00e1 las obras seleccionadas para determinar los <strong>10 cortometrajes finalistas<\/strong>, los cuales se proyectar\u00e1n en la <strong>gala de clausura<\/strong> y optar\u00e1n a los premios principales y categor\u00edas especiales. Mantenemos nuestro modelo de doble jurado por su equilibrio entre amplitud de miradas en la preselecci\u00f3n y la evaluaci\u00f3n t\u00e9cnica especializada en la fase final.<\/p>\n\n\n\n<p class=\"wp-block-paragraph\">Agradecemos a todas las personas que han inscrito sus obras en esta edici\u00f3n y felicitamos a quienes integran la selecci\u00f3n de 2025. Sabemos el trabajo y la ilusi\u00f3n que hay detr\u00e1s de cada cortometraje y nos enorgullece ser una pantalla para nuevas voces y nuevas formas de narrar. Invitamos a cineastas, p\u00fablico y comunidad a seguir atentos a nuestras comunicaciones: muy pronto compartiremos <strong>calendario completo<\/strong>, <strong>invitados<\/strong> y <strong>novedades<\/strong> de esta X edici\u00f3n.<\/p>\n\n\n\n<p class=\"wp-block-paragraph\">Toda la informaci\u00f3n se actualizar\u00e1 en <strong>nambrocorto.com<\/strong> y en nuestros canales oficiales. Nos vemos en Nambrocorto 2025 para celebrar diez a\u00f1os de historias en corto.<\/p>\n","protected":false},"excerpt":{"rendered":"<p>X Festival Nambrocorto 2025: anunciamos la Selecci\u00f3n Oficial La d\u00e9cima edici\u00f3n del Festival de Cortometrajes de Nambroca ya tiene su Selecci\u00f3n Oficial. Tras un proceso de visionado y valoraci\u00f3n por parte del jurado de selecci\u00f3n, presentamos los 40 cortometrajes que competir\u00e1n este a\u00f1o por un lugar entre los finalistas del X Festival Nambrocorto 2025, que [&hellip;]<\/p>\n","protected":false},"author":1,"featured_media":1908,"comment_status":"closed","ping_status":"closed","sticky":false,"template":"","format":"standard","meta":{"footnotes":""},"categories":[21,6,22,5,7],"tags":[],"class_list":["post-1890","post","type-post","status-publish","format-standard","has-post-thumbnail","hentry","category-certamen","category-comunicados","category-nambrocorto-2025","category-noticias","category-participantes"],"_links":{"self":[{"href":"https:\/\/nambrocorto.com\/index.php\/wp-json\/wp\/v2\/posts\/1890","targetHints":{"allow":["GET"]}}],"collection":[{"href":"https:\/\/nambrocorto.com\/index.php\/wp-json\/wp\/v2\/posts"}],"about":[{"href":"https:\/\/nambrocorto.com\/index.php\/wp-json\/wp\/v2\/types\/post"}],"author":[{"embeddable":true,"href":"https:\/\/nambrocorto.com\/index.php\/wp-json\/wp\/v2\/users\/1"}],"replies":[{"embeddable":true,"href":"https:\/\/nambrocorto.com\/index.php\/wp-json\/wp\/v2\/comments?post=1890"}],"version-history":[{"count":4,"href":"https:\/\/nambrocorto.com\/index.php\/wp-json\/wp\/v2\/posts\/1890\/revisions"}],"predecessor-version":[{"id":1911,"href":"https:\/\/nambrocorto.com\/index.php\/wp-json\/wp\/v2\/posts\/1890\/revisions\/1911"}],"wp:featuredmedia":[{"embeddable":true,"href":"https:\/\/nambrocorto.com\/index.php\/wp-json\/wp\/v2\/media\/1908"}],"wp:attachment":[{"href":"https:\/\/nambrocorto.com\/index.php\/wp-json\/wp\/v2\/media?parent=1890"}],"wp:term":[{"taxonomy":"category","embeddable":true,"href":"https:\/\/nambrocorto.com\/index.php\/wp-json\/wp\/v2\/categories?post=1890"},{"taxonomy":"post_tag","embeddable":true,"href":"https:\/\/nambrocorto.com\/index.php\/wp-json\/wp\/v2\/tags?post=1890"}],"curies":[{"name":"wp","href":"https:\/\/api.w.org\/{rel}","templated":true}]}}